{"id":17724,"date":"2023-06-28T09:34:25","date_gmt":"2023-06-28T08:34:25","guid":{"rendered":"https:\/\/www.urbient.com\/?p=17724"},"modified":"2023-06-28T09:34:25","modified_gmt":"2023-06-28T08:34:25","slug":"la-xerojardineria-clau-en-el-nou-passeig-maritim-de-palma","status":"publish","type":"post","link":"https:\/\/www.urbient.com\/ca\/la-xerojardineria-clau-en-el-nou-passeig-maritim-de-palma\/","title":{"rendered":"La xerojardineria, clau en el Nou Passeig Mar\u00edtim de Palma"},"content":{"rendered":"<p>La <strong>sostenibilitat<\/strong> \u00e9s una de les prioritats de la reforma del <strong>passeig Mar\u00edtim de Palma<\/strong>. Potenciar el component ecol\u00f2gic de la nova obra i convertir el projecte en una proposta verda \u00e9s un dels objectius predominants d&#8217;aquesta intervenci\u00f3 urbana en marxa que t\u00e9 prevista la seva finalitzaci\u00f3 a la fi del 2024 i on Urbient t\u00e9 un paper protagonista.<\/p>\n<p>Els criteris que des d\u2019 Urbient hem considerat en la proposta de vegetaci\u00f3 del projecte es basen en els conceptes de la <strong>xerojardineria<\/strong>, de confort dels usuaris i conservaci\u00f3 de les esp\u00e8cies arb\u00f2ries existents. La <strong>xerojardineria<\/strong> es basa en els criteris de desenvolupament sostenible i integraci\u00f3 paisatg\u00edstica mitjan\u00e7ant esp\u00e8cies aut\u00f2ctones que permet crear unes zones enjardinades m\u00e9s eficients en l&#8217;\u00fas general dels recursos. Els principals avantatges de la <strong>xerojardineria<\/strong> s\u00f3n:<\/p>\n<ul>\n<li>L&#8217;estalvi i una millor gesti\u00f3 dels recursos h\u00eddrics,<\/li>\n<li>La reducci\u00f3 d&#8217;emissions contaminants i subst\u00e0ncies qu\u00edmiques,<\/li>\n<li>El control de l&#8217;erosi\u00f3 dels s\u00f2ls,<\/li>\n<li>Una millora de la resili\u00e8ncia del paisatge,<\/li>\n<li>La continu\u00eftat i diversitat biol\u00f2gica,<\/li>\n<li>La reducci\u00f3 de costos de manteniment i la de crear un entorn m\u00e9s confortable per a l&#8217;usuari.<\/li>\n<\/ul>\n<p><a href=\"https:\/\/www.urbient.com\/wp-content\/uploads\/2023\/06\/GR_25601_VISTA-1_FINAL_v2-1340x701-1.jpg\"><img loading=\"lazy\" decoding=\"async\" class=\"aligncenter wp-image-17720 size-large\" src=\"https:\/\/www.urbient.com\/wp-content\/uploads\/2023\/06\/GR_25601_VISTA-1_FINAL_v2-1340x701-1-1024x536.jpg\" alt=\"Remodelaci\u00f3n - Paseo Mar\u00edtimo\" width=\"1024\" height=\"536\" srcset=\"https:\/\/www.urbient.com\/wp-content\/uploads\/2023\/06\/GR_25601_VISTA-1_FINAL_v2-1340x701-1-1024x536.jpg 1024w, https:\/\/www.urbient.com\/wp-content\/uploads\/2023\/06\/GR_25601_VISTA-1_FINAL_v2-1340x701-1-300x157.jpg 300w, https:\/\/www.urbient.com\/wp-content\/uploads\/2023\/06\/GR_25601_VISTA-1_FINAL_v2-1340x701-1-768x402.jpg 768w, https:\/\/www.urbient.com\/wp-content\/uploads\/2023\/06\/GR_25601_VISTA-1_FINAL_v2-1340x701-1-700x366.jpg 700w, https:\/\/www.urbient.com\/wp-content\/uploads\/2023\/06\/GR_25601_VISTA-1_FINAL_v2-1340x701-1.jpg 1340w\" sizes=\"auto, (max-width: 1024px) 100vw, 1024px\" \/><\/a><\/p>\n<p>A m\u00e9s, tamb\u00e9 es produir\u00e0 un augment de massa vegetal plantant 1820 nous arbres de 21 esp\u00e8cies diferents i 512 palmeres, aix\u00ed com esp\u00e8cies arbustives, prats i entapissants de parterres. Es conserva tamb\u00e9 el major nombre possible d&#8217;exemplars existents (301 arbres i 516 palmeres), trasplantant 108 exemplars.<\/p>\n<p>S&#8217;han proposat 12 noves esp\u00e8cies d&#8217;arbres, de fulla caduca principalment amb copes de grans dimensions, a plantar al llarg del passeig per a dotar-lo d&#8217;un abundant espai d&#8217;ombra a l&#8217;estiu i 4 m\u00e9s que completen plantacions existents.<\/p>\n<p>Aquestes i moltes altres accions s\u00f3n millores centrades en la sostenibilitat i la preponder\u00e0ncia dels vianants per sobre dels cotxes. Decisions sostenibles que transformen l&#8217;actual via urbana en un passeig que es convertir\u00e0 en un<strong> referent de la nova ciutat de Palma<\/strong>.<\/p>\n","protected":false},"excerpt":{"rendered":"<p>La sostenibilitat \u00e9s una de les prioritats de la reforma del passeig Mar\u00edtim de Palma. Potenciar el component ecol\u00f2gic de la nova obra i convertir el projecte en una proposta verda \u00e9s un dels objectius predominants d&#8217;aquesta intervenci\u00f3 urbana en marxa que t\u00e9 prevista la&#8230;<\/p>\n","protected":false},"author":3,"featured_media":17722,"comment_status":"closed","ping_status":"closed","sticky":false,"template":"","format":"standard","meta":{"footnotes":""},"categories":[249],"tags":[],"class_list":["post-17724","post","type-post","status-publish","format-standard","has-post-thumbnail","hentry","category-uncategorized-ca"],"_links":{"self":[{"href":"https:\/\/www.urbient.com\/ca\/wp-json\/wp\/v2\/posts\/17724","targetHints":{"allow":["GET"]}}],"collection":[{"href":"https:\/\/www.urbient.com\/ca\/wp-json\/wp\/v2\/posts"}],"about":[{"href":"https:\/\/www.urbient.com\/ca\/wp-json\/wp\/v2\/types\/post"}],"author":[{"embeddable":true,"href":"https:\/\/www.urbient.com\/ca\/wp-json\/wp\/v2\/users\/3"}],"replies":[{"embeddable":true,"href":"https:\/\/www.urbient.com\/ca\/wp-json\/wp\/v2\/comments?post=17724"}],"version-history":[{"count":1,"href":"https:\/\/www.urbient.com\/ca\/wp-json\/wp\/v2\/posts\/17724\/revisions"}],"predecessor-version":[{"id":17725,"href":"https:\/\/www.urbient.com\/ca\/wp-json\/wp\/v2\/posts\/17724\/revisions\/17725"}],"wp:featuredmedia":[{"embeddable":true,"href":"https:\/\/www.urbient.com\/ca\/wp-json\/wp\/v2\/media\/17722"}],"wp:attachment":[{"href":"https:\/\/www.urbient.com\/ca\/wp-json\/wp\/v2\/media?parent=17724"}],"wp:term":[{"taxonomy":"category","embeddable":true,"href":"https:\/\/www.urbient.com\/ca\/wp-json\/wp\/v2\/categories?post=17724"},{"taxonomy":"post_tag","embeddable":true,"href":"https:\/\/www.urbient.com\/ca\/wp-json\/wp\/v2\/tags?post=17724"}],"curies":[{"name":"wp","href":"https:\/\/api.w.org\/{rel}","templated":true}]}}